{"id":3191,"date":"2023-12-20T23:05:08","date_gmt":"2023-12-20T22:05:08","guid":{"rendered":"https:\/\/watercircles.no\/winterbergh\/?p=3191"},"modified":"2024-08-26T11:55:02","modified_gmt":"2024-08-26T09:55:02","slug":"sov-trygt-unnga-lading-eller-bruk-av-elektriske-apparater-pa-natten","status":"publish","type":"post","link":"https:\/\/watercircles.no\/winterbergh\/sov-trygt-unnga-lading-eller-bruk-av-elektriske-apparater-pa-natten\/","title":{"rendered":"Sov trygt &#8211; Unng\u00e5 lading eller bruk av elektriske apparater p\u00e5 natten"},"content":{"rendered":"\n<div style=\"height:25px\" aria-hidden=\"true\" class=\"wp-block-spacer\"><\/div>\n\n\n\n<p style=\"font-size:21px\">N\u00e5r vi omfavner den digitale tidsalderen, blir v\u00e5re hjem fylt med stadig flere elektroniske enheter. Smarttelefoner, nettbrett, b\u00e6rbare datamaskiner og andre elektroniske apparater har blitt en integrert del av v\u00e5re daglige liv. Mens det \u00e5 lade disse enhetene kan virke som en rutinemessig oppgave, b\u00e6rer den nattlige ladingen av elektronikk med seg skjulte risikoer som ikke b\u00f8r overses.<\/p>\n\n\n\n<div style=\"height:5px\" aria-hidden=\"true\" class=\"wp-block-spacer\"><\/div>\n\n\n\n<hr class=\"wp-block-separator has-alpha-channel-opacity\"\/>\n\n\n\n<div style=\"height:35px\" aria-hidden=\"true\" class=\"wp-block-spacer\"><\/div>\n\n\n\n<h2 class=\"wp-block-heading\">Lad aldri elektronikk p\u00e5 natta<\/h2>\n\n\n\n<p>Et tips man gjerne h\u00f8rer ofte, er \u00e5 lade over natta. Derimot har det de siste \u00e5rene oppst\u00e5tt mange branner p\u00e5 grunn av lading i nattestimene.<\/p>\n\n\n\n<p>\u00d8kt bruk av hjemmekontor, kortsiktige l\u00f8sninger med skj\u00f8teledninger og usikre stikkontakter, og manglende rutiner p\u00e5 lading er noen av grunnene. En god vane er \u00e5 aldri lade mobilen, den b\u00e6rbare PC-en, sportsklokka, eller annet elektronisk utstyr mens du sover. Desember er ogs\u00e5 m\u00e5neden hvor vi pynter til jul, og v\u00e6r spesielt obs p\u00e5 alle ledninger, lyslenker og pynt som krever skj\u00f8teledning og tilgang til stikkontakter.<\/p>\n\n\n\n<p>Det mange ikke er klar over er at det er r\u00f8yken og ikke brannen i seg selv som er livsfarlig. En mobil som lades i sengen er sv\u00e6rt utsatt for varmeutvikling, og det kan g\u00e5 forholdsvis kort tid f\u00f8r det oppst\u00e5r nok r\u00f8yk til \u00e5 utgj\u00f8re en fare for den som ligger og sover.<\/p>\n\n\n\n<p>Et godt tips, og en billig forsikring, er ogs\u00e5 \u00e5 lade apparatene dine med god avstand fra ting som kan ta fyr. Videre du ogs\u00e5 alltid p\u00e5se at det er en r\u00f8ykvarsler i n\u00e6rheten. Monter gjerne en ekstra r\u00f8ykvarsler eller to der du typisk lader st\u00f8rre apparater som sykler, el-sparkesykkel eller elbil. Gode forh\u00e5ndsregler og rimelige l\u00f8sninger for dette, vil drastisk reduserer risikoen for branntill\u00f8p.<\/p>\n\n\n\n<div style=\"height:15px\" aria-hidden=\"true\" class=\"wp-block-spacer\"><\/div>\n\n\n\n<h2 class=\"wp-block-heading\">Risiko for brann eller vannlekkasje.<\/h2>\n\n\n\n<p>Er du klar over at omtrent en tredjedel av nordmenn regelmessig bruker vaskemaskin, t\u00f8rketrommel eller oppvaskmaskinen p\u00e5 natta? Dette kan v\u00e6re veldig risikabelt.<\/p>\n\n\n\n<p>T\u00f8rketrommelen en av de vanligste \u00e5rsakene til brann i hjemmet. Kombinasjon av st\u00f8v, lo, t\u00f8rt t\u00f8y og h\u00f8y varme over tid er en potensielt farlig situasjon. Hvis det oppst\u00e5r en situasjon hvor det skulle begynne \u00e5 brenne, har du ikke sjans til \u00e5 reagere i tide dersom du sover.<\/p>\n\n\n\n<p>Det samme gjelder oppvaskmaskinen p\u00e5 kj\u00f8kkenet, men for en annen grunn. Mange eldre oppvaskmaskiner har ikke sensorer for lekkasje, og det er derfor en st\u00f8rre fare for vannlekkasje og vannskader.<\/p>\n\n\n\n<div style=\"height:15px\" aria-hidden=\"true\" class=\"wp-block-spacer\"><\/div>\n\n\n\n<h2 class=\"wp-block-heading\">Overoppheting og brannfare<\/h2>\n\n\n\n<p>En av de mest betydningsfulle farene med \u00e5 lade elektronikk om natten er risikoen for overoppheting. Elektroniske enheter, spesielt de som er eldre eller har defekte batterier, kan bli overopphetet under lading. Risikoen forverres ytterligere ved bruk av ikke-originale eller billige ladere, som ofte mangler kritiske sikkerhetsfunksjoner. Feil i elektriske kretser eller selve enheten kan f\u00f8re til kortslutninger, noe som kan resultere i brann. Dette problemet er mer kritisk om natten, ettersom en brann kan utvikle seg raskt uten at det blir oppdaget i tide.<\/p>\n\n\n\n<div style=\"height:15px\" aria-hidden=\"true\" class=\"wp-block-spacer\"><\/div>\n\n\n\n<h2 class=\"wp-block-heading\">Risikoer med Litium-ion-batterier<\/h2>\n\n\n\n<p>Litium-ion-batterier, som brukes i de fleste moderne elektroniske enheter, kan v\u00e6re ustabile under visse forhold. Overlading, skade, eller produksjonsfeil kan for\u00e5rsake overoppheting, lekkasje, oppsvulming eller i ekstreme tilfeller, eksplosjon.<\/p>\n\n\n\n<div style=\"height:50px\" aria-hidden=\"true\" class=\"wp-block-spacer\"><\/div>\n\n\n\n<figure class=\"wp-block-embed is-type-video is-provider-youtube wp-block-embed-youtube wp-embed-aspect-4-3 wp-has-aspect-ratio\"><div class=\"wp-block-embed__wrapper\">\n<iframe loading=\"lazy\" title=\"Derfor skal du ikke lade elektronikk om natten\" width=\"1020\" height=\"765\" src=\"https:\/\/www.youtube.com\/embed\/jUVA66wlLf0?feature=oembed\" frameborder=\"0\" allow=\"accelerometer; autoplay; clipboard-write; encrypted-media; gyroscope; picture-in-picture; web-share\" allowfullscreen><\/iframe>\n<\/div><\/figure>\n\n\n\n<div style=\"height:50px\" aria-hidden=\"true\" class=\"wp-block-spacer\"><\/div>\n\n\n\n<h2 class=\"wp-block-heading\">Noen grunnleggende sikkerhetstips:<\/h2>\n\n\n\n<ul class=\"wp-block-list\">\n<li style=\"font-size:21px\">Dra ut stikkontakter n\u00e5r de ikke er i bruk.<\/li>\n<\/ul>\n\n\n\n<ul class=\"wp-block-list\">\n<li style=\"font-size:21px\">Unng\u00e5 \u00e5 lade elektronikk p\u00e5 natten eller n\u00e5r du ikke er hjemme.<\/li>\n<\/ul>\n\n\n\n<ul class=\"wp-block-list\">\n<li style=\"font-size:21px\">Bytt ut slitte eller skadede ladere. Bruk originale ladere designet for enheten.<\/li>\n<\/ul>\n\n\n\n<ul class=\"wp-block-list\">\n<li style=\"font-size:21px\">Ikke lade elektronikk i sengen. Dette kan for\u00e5rsake overoppheting og branntill\u00f8p.<\/li>\n<\/ul>\n\n\n\n<ul class=\"wp-block-list\">\n<li style=\"font-size:21px\">Regelmessig sjekke tilstanden til b\u00e5de elektronikken og ladeutstyret.<\/li>\n<\/ul>\n\n\n\n<ul class=\"wp-block-list\">\n<li style=\"font-size:21px\">Ha fungerende r\u00f8ykvarslere i hjemmet for \u00e5 oppdage eventuelle branner tidlig.<\/li>\n<\/ul>\n\n\n\n<div style=\"height:50px\" aria-hidden=\"true\" class=\"wp-block-spacer\"><\/div>\n\n\n","protected":false},"excerpt":{"rendered":"<p>N\u00e5r vi omfavner den digitale tidsalderen, blir v\u00e5re hjem fylt med stadig flere elektroniske enheter. Smarttelefoner, nettbrett, b\u00e6rbare datamaskiner og andre elektroniske apparater har blitt en integrert del av v\u00e5re daglige liv. Mens det \u00e5 lade disse enhetene kan virke som en rutinemessig oppgave, b\u00e6rer den nattlige ladingen av elektronikk med seg skjulte risikoer som [&#8230;]\n","protected":false},"author":1,"featured_media":3193,"comment_status":"closed","ping_status":"open","sticky":false,"template":"","format":"standard","meta":{"footnotes":""},"categories":[35,17],"tags":[79,82,22],"class_list":["post-3191","post","type-post","status-publish","format-standard","has-post-thumbnail","hentry","category-samarbeid","category-skadeforebygging","tag-brannsikkerhet","tag-firesafe","tag-skadeforebygging"],"yoast_head":"<!-- This site is optimized with the Yoast SEO plugin v27.3 - https:\/\/yoast.com\/product\/yoast-seo-wordpress\/ -->\n<title>Sov trygt - Unng\u00e5 lading eller bruk av elektriske apparater p\u00e5 natten ~ Winterbergh by WaterCircles<\/title>\n<meta name=\"description\" content=\"\u00c5 lade elektronikk kan virke som en rutinemessig oppgave, men ladingen av elektronikk p\u00e5 natten er en skjult risiko som ikke b\u00f8r overses.\" \/>\n<meta name=\"robots\" content=\"index, follow, max-snippet:-1, max-image-preview:large, max-video-preview:-1\" \/>\n<link rel=\"canonical\" href=\"https:\/\/watercircles.no\/winterbergh\/sov-trygt-unnga-lading-eller-bruk-av-elektriske-apparater-pa-natten\/\" \/>\n<meta property=\"og:locale\" content=\"nb_NO\" \/>\n<meta property=\"og:type\" content=\"article\" \/>\n<meta property=\"og:title\" content=\"Sov trygt - Unng\u00e5 lading eller bruk av elektriske apparater p\u00e5 natten ~ Winterbergh by WaterCircles\" \/>\n<meta property=\"og:description\" content=\"\u00c5 lade elektronikk kan virke som en rutinemessig oppgave, men ladingen av elektronikk p\u00e5 natten er en skjult risiko som ikke b\u00f8r overses.\" \/>\n<meta property=\"og:url\" content=\"https:\/\/watercircles.no\/winterbergh\/sov-trygt-unnga-lading-eller-bruk-av-elektriske-apparater-pa-natten\/\" \/>\n<meta property=\"og:site_name\" content=\"Winterbergh by WaterCircles\" \/>\n<meta property=\"article:published_time\" content=\"2023-12-20T22:05:08+00:00\" \/>\n<meta property=\"article:modified_time\" content=\"2024-08-26T09:55:02+00:00\" \/>\n<meta property=\"og:image\" content=\"https:\/\/watercircles.no\/winterbergh\/wp-content\/uploads\/2023\/12\/derfor-skal-du-ikke-lade-pa-natten.jpg\" \/>\n\t<meta property=\"og:image:width\" content=\"1920\" \/>\n\t<meta property=\"og:image:height\" content=\"1080\" \/>\n\t<meta property=\"og:image:type\" content=\"image\/jpeg\" \/>\n<meta name=\"author\" content=\"Winterbergh\" \/>\n<meta name=\"twitter:card\" content=\"summary_large_image\" \/>\n<meta name=\"twitter:label1\" content=\"Skrevet av\" \/>\n\t<meta name=\"twitter:data1\" content=\"Winterbergh\" \/>\n\t<meta name=\"twitter:label2\" content=\"Ansl. lesetid\" \/>\n\t<meta name=\"twitter:data2\" content=\"4 minutter\" \/>\n<script type=\"application\/ld+json\" class=\"yoast-schema-graph\">{\"@context\":\"https:\\\/\\\/schema.org\",\"@graph\":[{\"@type\":\"Article\",\"@id\":\"https:\\\/\\\/watercircles.no\\\/winterbergh\\\/sov-trygt-unnga-lading-eller-bruk-av-elektriske-apparater-pa-natten\\\/#article\",\"isPartOf\":{\"@id\":\"https:\\\/\\\/watercircles.no\\\/winterbergh\\\/sov-trygt-unnga-lading-eller-bruk-av-elektriske-apparater-pa-natten\\\/\"},\"author\":{\"name\":\"Winterbergh\",\"@id\":\"https:\\\/\\\/watercircles.no\\\/winterbergh\\\/#\\\/schema\\\/person\\\/28b086b0f6db16cf9dd622f5a6bd684c\"},\"headline\":\"Sov trygt &#8211; Unng\u00e5 lading eller bruk av elektriske apparater p\u00e5 natten\",\"datePublished\":\"2023-12-20T22:05:08+00:00\",\"dateModified\":\"2024-08-26T09:55:02+00:00\",\"mainEntityOfPage\":{\"@id\":\"https:\\\/\\\/watercircles.no\\\/winterbergh\\\/sov-trygt-unnga-lading-eller-bruk-av-elektriske-apparater-pa-natten\\\/\"},\"wordCount\":620,\"publisher\":{\"@id\":\"https:\\\/\\\/watercircles.no\\\/winterbergh\\\/#organization\"},\"image\":{\"@id\":\"https:\\\/\\\/watercircles.no\\\/winterbergh\\\/sov-trygt-unnga-lading-eller-bruk-av-elektriske-apparater-pa-natten\\\/#primaryimage\"},\"thumbnailUrl\":\"https:\\\/\\\/watercircles.no\\\/winterbergh\\\/wp-content\\\/uploads\\\/2023\\\/12\\\/derfor-skal-du-ikke-lade-pa-natten.jpg\",\"keywords\":[\"Brannsikkerhet\",\"Firesafe\",\"Skadeforebygging\"],\"articleSection\":[\"Samarbeid\",\"Skadeforebygging\"],\"inLanguage\":\"nb-NO\"},{\"@type\":\"WebPage\",\"@id\":\"https:\\\/\\\/watercircles.no\\\/winterbergh\\\/sov-trygt-unnga-lading-eller-bruk-av-elektriske-apparater-pa-natten\\\/\",\"url\":\"https:\\\/\\\/watercircles.no\\\/winterbergh\\\/sov-trygt-unnga-lading-eller-bruk-av-elektriske-apparater-pa-natten\\\/\",\"name\":\"Sov trygt - Unng\u00e5 lading eller bruk av elektriske apparater p\u00e5 natten ~ Winterbergh by WaterCircles\",\"isPartOf\":{\"@id\":\"https:\\\/\\\/watercircles.no\\\/winterbergh\\\/#website\"},\"primaryImageOfPage\":{\"@id\":\"https:\\\/\\\/watercircles.no\\\/winterbergh\\\/sov-trygt-unnga-lading-eller-bruk-av-elektriske-apparater-pa-natten\\\/#primaryimage\"},\"image\":{\"@id\":\"https:\\\/\\\/watercircles.no\\\/winterbergh\\\/sov-trygt-unnga-lading-eller-bruk-av-elektriske-apparater-pa-natten\\\/#primaryimage\"},\"thumbnailUrl\":\"https:\\\/\\\/watercircles.no\\\/winterbergh\\\/wp-content\\\/uploads\\\/2023\\\/12\\\/derfor-skal-du-ikke-lade-pa-natten.jpg\",\"datePublished\":\"2023-12-20T22:05:08+00:00\",\"dateModified\":\"2024-08-26T09:55:02+00:00\",\"description\":\"\u00c5 lade elektronikk kan virke som en rutinemessig oppgave, men ladingen av elektronikk p\u00e5 natten er en skjult risiko som ikke b\u00f8r overses.\",\"breadcrumb\":{\"@id\":\"https:\\\/\\\/watercircles.no\\\/winterbergh\\\/sov-trygt-unnga-lading-eller-bruk-av-elektriske-apparater-pa-natten\\\/#breadcrumb\"},\"inLanguage\":\"nb-NO\",\"potentialAction\":[{\"@type\":\"ReadAction\",\"target\":[\"https:\\\/\\\/watercircles.no\\\/winterbergh\\\/sov-trygt-unnga-lading-eller-bruk-av-elektriske-apparater-pa-natten\\\/\"]}]},{\"@type\":\"ImageObject\",\"inLanguage\":\"nb-NO\",\"@id\":\"https:\\\/\\\/watercircles.no\\\/winterbergh\\\/sov-trygt-unnga-lading-eller-bruk-av-elektriske-apparater-pa-natten\\\/#primaryimage\",\"url\":\"https:\\\/\\\/watercircles.no\\\/winterbergh\\\/wp-content\\\/uploads\\\/2023\\\/12\\\/derfor-skal-du-ikke-lade-pa-natten.jpg\",\"contentUrl\":\"https:\\\/\\\/watercircles.no\\\/winterbergh\\\/wp-content\\\/uploads\\\/2023\\\/12\\\/derfor-skal-du-ikke-lade-pa-natten.jpg\",\"width\":1920,\"height\":1080,\"caption\":\"Svart-hvitt bilde av en seng med en mobiltelefon som lader, en p\u00e5minnelse om brannfare i hjemmet.\"},{\"@type\":\"BreadcrumbList\",\"@id\":\"https:\\\/\\\/watercircles.no\\\/winterbergh\\\/sov-trygt-unnga-lading-eller-bruk-av-elektriske-apparater-pa-natten\\\/#breadcrumb\",\"itemListElement\":[{\"@type\":\"ListItem\",\"position\":1,\"name\":\"Hjem\",\"item\":\"https:\\\/\\\/watercircles.no\\\/winterbergh\\\/\"},{\"@type\":\"ListItem\",\"position\":2,\"name\":\"Sov trygt &#8211; Unng\u00e5 lading eller bruk av elektriske apparater p\u00e5 natten\"}]},{\"@type\":\"WebSite\",\"@id\":\"https:\\\/\\\/watercircles.no\\\/winterbergh\\\/#website\",\"url\":\"https:\\\/\\\/watercircles.no\\\/winterbergh\\\/\",\"name\":\"Winterbergh by WaterCircles\",\"description\":\"\u00abBy Invitation\u00bb program for spesielt inviterte kunder og bedrifter\",\"publisher\":{\"@id\":\"https:\\\/\\\/watercircles.no\\\/winterbergh\\\/#organization\"},\"potentialAction\":[{\"@type\":\"SearchAction\",\"target\":{\"@type\":\"EntryPoint\",\"urlTemplate\":\"https:\\\/\\\/watercircles.no\\\/winterbergh\\\/?s={search_term_string}\"},\"query-input\":{\"@type\":\"PropertyValueSpecification\",\"valueRequired\":true,\"valueName\":\"search_term_string\"}}],\"inLanguage\":\"nb-NO\"},{\"@type\":\"Organization\",\"@id\":\"https:\\\/\\\/watercircles.no\\\/winterbergh\\\/#organization\",\"name\":\"Winterbergh by WaterCircles\",\"url\":\"https:\\\/\\\/watercircles.no\\\/winterbergh\\\/\",\"logo\":{\"@type\":\"ImageObject\",\"inLanguage\":\"nb-NO\",\"@id\":\"https:\\\/\\\/watercircles.no\\\/winterbergh\\\/#\\\/schema\\\/logo\\\/image\\\/\",\"url\":\"https:\\\/\\\/watercircles.no\\\/winterbergh\\\/wp-content\\\/uploads\\\/2022\\\/05\\\/Winterbergh-WaterCircles-logo-svart-liggende-.png\",\"contentUrl\":\"https:\\\/\\\/watercircles.no\\\/winterbergh\\\/wp-content\\\/uploads\\\/2022\\\/05\\\/Winterbergh-WaterCircles-logo-svart-liggende-.png\",\"width\":982,\"height\":253,\"caption\":\"Winterbergh by WaterCircles\"},\"image\":{\"@id\":\"https:\\\/\\\/watercircles.no\\\/winterbergh\\\/#\\\/schema\\\/logo\\\/image\\\/\"}},{\"@type\":\"Person\",\"@id\":\"https:\\\/\\\/watercircles.no\\\/winterbergh\\\/#\\\/schema\\\/person\\\/28b086b0f6db16cf9dd622f5a6bd684c\",\"name\":\"Winterbergh\",\"image\":{\"@type\":\"ImageObject\",\"inLanguage\":\"nb-NO\",\"@id\":\"https:\\\/\\\/watercircles.no\\\/winterbergh\\\/wp-content\\\/litespeed\\\/avatar\\\/766e93ccc99fde4b733a30cc047847b2.jpg?ver=1776946634\",\"url\":\"https:\\\/\\\/watercircles.no\\\/winterbergh\\\/wp-content\\\/litespeed\\\/avatar\\\/766e93ccc99fde4b733a30cc047847b2.jpg?ver=1776946634\",\"contentUrl\":\"https:\\\/\\\/watercircles.no\\\/winterbergh\\\/wp-content\\\/litespeed\\\/avatar\\\/766e93ccc99fde4b733a30cc047847b2.jpg?ver=1776946634\",\"caption\":\"Winterbergh\"},\"sameAs\":[\"https:\\\/\\\/winterbergh.fw3.no\"],\"url\":\"https:\\\/\\\/watercircles.no\\\/winterbergh\\\/author\\\/admin_winterbergh\\\/\"}]}<\/script>\n<!-- \/ Yoast SEO plugin. -->","yoast_head_json":{"title":"Sov trygt - Unng\u00e5 lading eller bruk av elektriske apparater p\u00e5 natten ~ Winterbergh by WaterCircles","description":"\u00c5 lade elektronikk kan virke som en rutinemessig oppgave, men ladingen av elektronikk p\u00e5 natten er en skjult risiko som ikke b\u00f8r overses.","robots":{"index":"index","follow":"follow","max-snippet":"max-snippet:-1","max-image-preview":"max-image-preview:large","max-video-preview":"max-video-preview:-1"},"canonical":"https:\/\/watercircles.no\/winterbergh\/sov-trygt-unnga-lading-eller-bruk-av-elektriske-apparater-pa-natten\/","og_locale":"nb_NO","og_type":"article","og_title":"Sov trygt - Unng\u00e5 lading eller bruk av elektriske apparater p\u00e5 natten ~ Winterbergh by WaterCircles","og_description":"\u00c5 lade elektronikk kan virke som en rutinemessig oppgave, men ladingen av elektronikk p\u00e5 natten er en skjult risiko som ikke b\u00f8r overses.","og_url":"https:\/\/watercircles.no\/winterbergh\/sov-trygt-unnga-lading-eller-bruk-av-elektriske-apparater-pa-natten\/","og_site_name":"Winterbergh by WaterCircles","article_published_time":"2023-12-20T22:05:08+00:00","article_modified_time":"2024-08-26T09:55:02+00:00","og_image":[{"width":1920,"height":1080,"url":"https:\/\/watercircles.no\/winterbergh\/wp-content\/uploads\/2023\/12\/derfor-skal-du-ikke-lade-pa-natten.jpg","type":"image\/jpeg"}],"author":"Winterbergh","twitter_card":"summary_large_image","twitter_misc":{"Skrevet av":"Winterbergh","Ansl. lesetid":"4 minutter"},"schema":{"@context":"https:\/\/schema.org","@graph":[{"@type":"Article","@id":"https:\/\/watercircles.no\/winterbergh\/sov-trygt-unnga-lading-eller-bruk-av-elektriske-apparater-pa-natten\/#article","isPartOf":{"@id":"https:\/\/watercircles.no\/winterbergh\/sov-trygt-unnga-lading-eller-bruk-av-elektriske-apparater-pa-natten\/"},"author":{"name":"Winterbergh","@id":"https:\/\/watercircles.no\/winterbergh\/#\/schema\/person\/28b086b0f6db16cf9dd622f5a6bd684c"},"headline":"Sov trygt &#8211; Unng\u00e5 lading eller bruk av elektriske apparater p\u00e5 natten","datePublished":"2023-12-20T22:05:08+00:00","dateModified":"2024-08-26T09:55:02+00:00","mainEntityOfPage":{"@id":"https:\/\/watercircles.no\/winterbergh\/sov-trygt-unnga-lading-eller-bruk-av-elektriske-apparater-pa-natten\/"},"wordCount":620,"publisher":{"@id":"https:\/\/watercircles.no\/winterbergh\/#organization"},"image":{"@id":"https:\/\/watercircles.no\/winterbergh\/sov-trygt-unnga-lading-eller-bruk-av-elektriske-apparater-pa-natten\/#primaryimage"},"thumbnailUrl":"https:\/\/watercircles.no\/winterbergh\/wp-content\/uploads\/2023\/12\/derfor-skal-du-ikke-lade-pa-natten.jpg","keywords":["Brannsikkerhet","Firesafe","Skadeforebygging"],"articleSection":["Samarbeid","Skadeforebygging"],"inLanguage":"nb-NO"},{"@type":"WebPage","@id":"https:\/\/watercircles.no\/winterbergh\/sov-trygt-unnga-lading-eller-bruk-av-elektriske-apparater-pa-natten\/","url":"https:\/\/watercircles.no\/winterbergh\/sov-trygt-unnga-lading-eller-bruk-av-elektriske-apparater-pa-natten\/","name":"Sov trygt - Unng\u00e5 lading eller bruk av elektriske apparater p\u00e5 natten ~ Winterbergh by WaterCircles","isPartOf":{"@id":"https:\/\/watercircles.no\/winterbergh\/#website"},"primaryImageOfPage":{"@id":"https:\/\/watercircles.no\/winterbergh\/sov-trygt-unnga-lading-eller-bruk-av-elektriske-apparater-pa-natten\/#primaryimage"},"image":{"@id":"https:\/\/watercircles.no\/winterbergh\/sov-trygt-unnga-lading-eller-bruk-av-elektriske-apparater-pa-natten\/#primaryimage"},"thumbnailUrl":"https:\/\/watercircles.no\/winterbergh\/wp-content\/uploads\/2023\/12\/derfor-skal-du-ikke-lade-pa-natten.jpg","datePublished":"2023-12-20T22:05:08+00:00","dateModified":"2024-08-26T09:55:02+00:00","description":"\u00c5 lade elektronikk kan virke som en rutinemessig oppgave, men ladingen av elektronikk p\u00e5 natten er en skjult risiko som ikke b\u00f8r overses.","breadcrumb":{"@id":"https:\/\/watercircles.no\/winterbergh\/sov-trygt-unnga-lading-eller-bruk-av-elektriske-apparater-pa-natten\/#breadcrumb"},"inLanguage":"nb-NO","potentialAction":[{"@type":"ReadAction","target":["https:\/\/watercircles.no\/winterbergh\/sov-trygt-unnga-lading-eller-bruk-av-elektriske-apparater-pa-natten\/"]}]},{"@type":"ImageObject","inLanguage":"nb-NO","@id":"https:\/\/watercircles.no\/winterbergh\/sov-trygt-unnga-lading-eller-bruk-av-elektriske-apparater-pa-natten\/#primaryimage","url":"https:\/\/watercircles.no\/winterbergh\/wp-content\/uploads\/2023\/12\/derfor-skal-du-ikke-lade-pa-natten.jpg","contentUrl":"https:\/\/watercircles.no\/winterbergh\/wp-content\/uploads\/2023\/12\/derfor-skal-du-ikke-lade-pa-natten.jpg","width":1920,"height":1080,"caption":"Svart-hvitt bilde av en seng med en mobiltelefon som lader, en p\u00e5minnelse om brannfare i hjemmet."},{"@type":"BreadcrumbList","@id":"https:\/\/watercircles.no\/winterbergh\/sov-trygt-unnga-lading-eller-bruk-av-elektriske-apparater-pa-natten\/#breadcrumb","itemListElement":[{"@type":"ListItem","position":1,"name":"Hjem","item":"https:\/\/watercircles.no\/winterbergh\/"},{"@type":"ListItem","position":2,"name":"Sov trygt &#8211; Unng\u00e5 lading eller bruk av elektriske apparater p\u00e5 natten"}]},{"@type":"WebSite","@id":"https:\/\/watercircles.no\/winterbergh\/#website","url":"https:\/\/watercircles.no\/winterbergh\/","name":"Winterbergh by WaterCircles","description":"\u00abBy Invitation\u00bb program for spesielt inviterte kunder og bedrifter","publisher":{"@id":"https:\/\/watercircles.no\/winterbergh\/#organization"},"potentialAction":[{"@type":"SearchAction","target":{"@type":"EntryPoint","urlTemplate":"https:\/\/watercircles.no\/winterbergh\/?s={search_term_string}"},"query-input":{"@type":"PropertyValueSpecification","valueRequired":true,"valueName":"search_term_string"}}],"inLanguage":"nb-NO"},{"@type":"Organization","@id":"https:\/\/watercircles.no\/winterbergh\/#organization","name":"Winterbergh by WaterCircles","url":"https:\/\/watercircles.no\/winterbergh\/","logo":{"@type":"ImageObject","inLanguage":"nb-NO","@id":"https:\/\/watercircles.no\/winterbergh\/#\/schema\/logo\/image\/","url":"https:\/\/watercircles.no\/winterbergh\/wp-content\/uploads\/2022\/05\/Winterbergh-WaterCircles-logo-svart-liggende-.png","contentUrl":"https:\/\/watercircles.no\/winterbergh\/wp-content\/uploads\/2022\/05\/Winterbergh-WaterCircles-logo-svart-liggende-.png","width":982,"height":253,"caption":"Winterbergh by WaterCircles"},"image":{"@id":"https:\/\/watercircles.no\/winterbergh\/#\/schema\/logo\/image\/"}},{"@type":"Person","@id":"https:\/\/watercircles.no\/winterbergh\/#\/schema\/person\/28b086b0f6db16cf9dd622f5a6bd684c","name":"Winterbergh","image":{"@type":"ImageObject","inLanguage":"nb-NO","@id":"https:\/\/watercircles.no\/winterbergh\/wp-content\/litespeed\/avatar\/766e93ccc99fde4b733a30cc047847b2.jpg?ver=1776946634","url":"https:\/\/watercircles.no\/winterbergh\/wp-content\/litespeed\/avatar\/766e93ccc99fde4b733a30cc047847b2.jpg?ver=1776946634","contentUrl":"https:\/\/watercircles.no\/winterbergh\/wp-content\/litespeed\/avatar\/766e93ccc99fde4b733a30cc047847b2.jpg?ver=1776946634","caption":"Winterbergh"},"sameAs":["https:\/\/winterbergh.fw3.no"],"url":"https:\/\/watercircles.no\/winterbergh\/author\/admin_winterbergh\/"}]}},"_links":{"self":[{"href":"https:\/\/watercircles.no\/winterbergh\/wp-json\/wp\/v2\/posts\/3191","targetHints":{"allow":["GET"]}}],"collection":[{"href":"https:\/\/watercircles.no\/winterbergh\/wp-json\/wp\/v2\/posts"}],"about":[{"href":"https:\/\/watercircles.no\/winterbergh\/wp-json\/wp\/v2\/types\/post"}],"author":[{"embeddable":true,"href":"https:\/\/watercircles.no\/winterbergh\/wp-json\/wp\/v2\/users\/1"}],"replies":[{"embeddable":true,"href":"https:\/\/watercircles.no\/winterbergh\/wp-json\/wp\/v2\/comments?post=3191"}],"version-history":[{"count":1,"href":"https:\/\/watercircles.no\/winterbergh\/wp-json\/wp\/v2\/posts\/3191\/revisions"}],"predecessor-version":[{"id":3194,"href":"https:\/\/watercircles.no\/winterbergh\/wp-json\/wp\/v2\/posts\/3191\/revisions\/3194"}],"wp:featuredmedia":[{"embeddable":true,"href":"https:\/\/watercircles.no\/winterbergh\/wp-json\/wp\/v2\/media\/3193"}],"wp:attachment":[{"href":"https:\/\/watercircles.no\/winterbergh\/wp-json\/wp\/v2\/media?parent=3191"}],"wp:term":[{"taxonomy":"category","embeddable":true,"href":"https:\/\/watercircles.no\/winterbergh\/wp-json\/wp\/v2\/categories?post=3191"},{"taxonomy":"post_tag","embeddable":true,"href":"https:\/\/watercircles.no\/winterbergh\/wp-json\/wp\/v2\/tags?post=3191"}],"curies":[{"name":"wp","href":"https:\/\/api.w.org\/{rel}","templated":true}]}}